{"id":8932,"date":"2025-10-23T13:08:35","date_gmt":"2025-10-23T16:08:35","guid":{"rendered":"https:\/\/mestrado.cmmg.edu.br\/?p=8932"},"modified":"2025-10-23T13:17:37","modified_gmt":"2025-10-23T16:17:37","slug":"professoras-da-fcm-mg-sao-reconhecidas-evento-realizado-na-camara-municipal-de-belo-horizonte","status":"publish","type":"post","link":"https:\/\/mestrado.cmmg.edu.br\/en\/professoras-da-fcm-mg-sao-reconhecidas-evento-realizado-na-camara-municipal-de-belo-horizonte\/","title":{"rendered":"Professoras da FCM-MG recebem Diploma de Honra ao M\u00e9rito em evento realizado na C\u00e2mara Municipal de Belo Horizonte"},"content":{"rendered":"<p>A excel\u00eancia acad\u00eamica da P\u00f3s-Gradua\u00e7\u00e3o da FCM-MG foi reconhecida com o <strong>Diploma de Honra ao M\u00e9rito<\/strong>, concedido pelo Conselho Regional de Fisioterapia e Terapia Ocupacional da 4\u00aa Regi\u00e3o a fisioterapeutas mineiros que se destacam em suas \u00e1reas de atua\u00e7\u00e3o.<\/p>\n<p>Em cerim\u00f4nia realizada na C\u00e2mara Municipal de Belo Horizonte, a <strong>profa. Mariana Volpini<\/strong><strong>, <\/strong><strong>vice-diretora da P\u00f3s-Gradua\u00e7\u00e3o da Ci\u00eancias M\u00e9dicas<\/strong>, foi homenageada na categoria \u201c<em>Excel\u00eancia em Gest\u00e3o e Empreendedorismo em Sa\u00fade\u201d<\/em><em>,<\/em> que reconhece profissionais que lideram institui\u00e7\u00f5es, neg\u00f3cios ou iniciativas inovadoras com foco em qualidade assistencial, gest\u00e3o eficiente e sustentabilidade.<\/p>\n<p>J\u00e1 a <strong>profa. Larissa Tavares<\/strong><strong>, <\/strong><strong>coordenadora do Programa de P\u00f3s-Gradua\u00e7\u00e3o Stricto Sensu em Ci\u00eancias da Sa\u00fade da FCM-MG<\/strong>, recebeu o pr\u00eamio na categoria \u201c<em>Excel\u00eancia em Pesquisa e Produ\u00e7\u00e3o de Conhecimento<\/em>\u201d, destinada a profissionais com trajet\u00f3ria relevante em pesquisa, inova\u00e7\u00e3o, publica\u00e7\u00f5es cient\u00edficas e desenvolvimento de novas tecnologias aplicadas \u00e0 sa\u00fade.<\/p>\n<p>Os pr\u00eamios refor\u00e7am o impacto do nosso corpo docente na produ\u00e7\u00e3o de conhecimento e na inova\u00e7\u00e3o em sa\u00fade, com o objetivo de atender \u00e0s demandas da \u00e1rea da sa\u00fade e inspirar mestrandos, egres<span style=\"font-size: 16px;\">sos e professores a transformar ci\u00eancia em resultados reais para a sociedade.<\/span><\/p>\n<p><img fetchpriority=\"high\" decoding=\"async\" class=\"alignnone wp-image-8938\" style=\"font-weight: inherit;\" src=\"https:\/\/mestrado.cmmg.edu.br\/wp-content\/uploads\/2025\/10\/WhatsApp-Image-2025-10-21-at-13.56.07-300x200.jpeg\" alt=\"\" width=\"469\" height=\"312\" srcset=\"https:\/\/mestrado.cmmg.edu.br\/wp-content\/uploads\/2025\/10\/WhatsApp-Image-2025-10-21-at-13.56.07-300x200.jpeg 300w, https:\/\/mestrado.cmmg.edu.br\/wp-content\/uploads\/2025\/10\/WhatsApp-Image-2025-10-21-at-13.56.07-1024x682.jpeg 1024w, https:\/\/mestrado.cmmg.edu.br\/wp-content\/uploads\/2025\/10\/WhatsApp-Image-2025-10-21-at-13.56.07-768x512.jpeg 768w, https:\/\/mestrado.cmmg.edu.br\/wp-content\/uploads\/2025\/10\/WhatsApp-Image-2025-10-21-at-13.56.07-1536x1023.jpeg 1536w, https:\/\/mestrado.cmmg.edu.br\/wp-content\/uploads\/2025\/10\/WhatsApp-Image-2025-10-21-at-13.56.07.jpeg 1600w\" sizes=\"(max-width: 469px) 100vw, 469px\" \/><\/p>\n<p><img decoding=\"async\" class=\"alignnone wp-image-8940\" src=\"https:\/\/mestrado.cmmg.edu.br\/wp-content\/uploads\/2025\/10\/WhatsApp-Image-2025-10-21-at-13.56.48-300x200.jpeg\" alt=\"\" width=\"469\" height=\"312\" srcset=\"https:\/\/mestrado.cmmg.edu.br\/wp-content\/uploads\/2025\/10\/WhatsApp-Image-2025-10-21-at-13.56.48-300x200.jpeg 300w, https:\/\/mestrado.cmmg.edu.br\/wp-content\/uploads\/2025\/10\/WhatsApp-Image-2025-10-21-at-13.56.48-1024x682.jpeg 1024w, https:\/\/mestrado.cmmg.edu.br\/wp-content\/uploads\/2025\/10\/WhatsApp-Image-2025-10-21-at-13.56.48-768x512.jpeg 768w, https:\/\/mestrado.cmmg.edu.br\/wp-content\/uploads\/2025\/10\/WhatsApp-Image-2025-10-21-at-13.56.48-1536x1023.jpeg 1536w, https:\/\/mestrado.cmmg.edu.br\/wp-content\/uploads\/2025\/10\/WhatsApp-Image-2025-10-21-at-13.56.48.jpeg 1600w\" sizes=\"(max-width: 469px) 100vw, 469px\" \/><\/p>\n","protected":false},"excerpt":{"rendered":"<p>A excel\u00eancia acad\u00eamica da P\u00f3s-Gradua\u00e7\u00e3o da FCM-MG foi reconhecida com o Diploma de Honra ao M\u00e9rito, concedido pelo Conselho Regional [&hellip;]<\/p>\n","protected":false},"author":19,"featured_media":8934,"comment_status":"closed","ping_status":"closed","sticky":false,"template":"","format":"standard","meta":{"_acf_changed":false,"site-sidebar-layout":"default","site-content-layout":"","ast-site-content-layout":"default","site-content-style":"default","site-sidebar-style":"default","ast-global-header-display":"","ast-banner-title-visibility":"","ast-main-header-display":"","ast-hfb-above-header-display":"","ast-hfb-below-header-display":"","ast-hfb-mobile-header-display":"","site-post-title":"","ast-breadcrumbs-content":"","ast-featured-img":"","footer-sml-layout":"","ast-disable-related-posts":"","theme-transparent-header-meta":"default","adv-header-id-meta":"","stick-header-meta":"","header-above-stick-meta":"","header-main-stick-meta":"","header-below-stick-meta":"","astra-migrate-meta-layouts":"set","ast-page-background-enabled":"default","ast-page-background-meta":{"desktop":{"background-color":"var(--ast-global-color-4)","background-image":"","background-repeat":"repeat","background-position":"center center","background-size":"auto","background-attachment":"scroll","background-type":"","background-media":"","overlay-type":"","overlay-color":"","overlay-opacity":"","overlay-gradient":""},"tablet":{"background-color":"","background-image":"","background-repeat":"repeat","background-position":"center center","background-size":"auto","background-attachment":"scroll","background-type":"","background-media":"","overlay-type":"","overlay-color":"","overlay-opacity":"","overlay-gradient":""},"mobile":{"background-color":"","background-image":"","background-repeat":"repeat","background-position":"center center","background-size":"auto","background-attachment":"scroll","background-type":"","background-media":"","overlay-type":"","overlay-color":"","overlay-opacity":"","overlay-gradient":""}},"ast-content-background-meta":{"desktop":{"background-color":"var(--ast-global-color-5)","background-image":"","background-repeat":"repeat","background-position":"center center","background-size":"auto","background-attachment":"scroll","background-type":"","background-media":"","overlay-type":"","overlay-color":"","overlay-opacity":"","overlay-gradient":""},"tablet":{"background-color":"var(--ast-global-color-5)","background-image":"","background-repeat":"repeat","background-position":"center center","background-size":"auto","background-attachment":"scroll","background-type":"","background-media":"","overlay-type":"","overlay-color":"","overlay-opacity":"","overlay-gradient":""},"mobile":{"background-color":"var(--ast-global-color-5)","background-image":"","background-repeat":"repeat","background-position":"center center","background-size":"auto","background-attachment":"scroll","background-type":"","background-media":"","overlay-type":"","overlay-color":"","overlay-opacity":"","overlay-gradient":""}},"footnotes":""},"categories":[14],"tags":[],"class_list":["post-8932","post","type-post","status-publish","format-standard","has-post-thumbnail","hentry","category-noticias"],"acf":[],"_links":{"self":[{"href":"https:\/\/mestrado.cmmg.edu.br\/en\/wp-json\/wp\/v2\/posts\/8932","targetHints":{"allow":["GET"]}}],"collection":[{"href":"https:\/\/mestrado.cmmg.edu.br\/en\/wp-json\/wp\/v2\/posts"}],"about":[{"href":"https:\/\/mestrado.cmmg.edu.br\/en\/wp-json\/wp\/v2\/types\/post"}],"author":[{"embeddable":true,"href":"https:\/\/mestrado.cmmg.edu.br\/en\/wp-json\/wp\/v2\/users\/19"}],"replies":[{"embeddable":true,"href":"https:\/\/mestrado.cmmg.edu.br\/en\/wp-json\/wp\/v2\/comments?post=8932"}],"version-history":[{"count":6,"href":"https:\/\/mestrado.cmmg.edu.br\/en\/wp-json\/wp\/v2\/posts\/8932\/revisions"}],"predecessor-version":[{"id":8948,"href":"https:\/\/mestrado.cmmg.edu.br\/en\/wp-json\/wp\/v2\/posts\/8932\/revisions\/8948"}],"wp:featuredmedia":[{"embeddable":true,"href":"https:\/\/mestrado.cmmg.edu.br\/en\/wp-json\/wp\/v2\/media\/8934"}],"wp:attachment":[{"href":"https:\/\/mestrado.cmmg.edu.br\/en\/wp-json\/wp\/v2\/media?parent=8932"}],"wp:term":[{"taxonomy":"category","embeddable":true,"href":"https:\/\/mestrado.cmmg.edu.br\/en\/wp-json\/wp\/v2\/categories?post=8932"},{"taxonomy":"post_tag","embeddable":true,"href":"https:\/\/mestrado.cmmg.edu.br\/en\/wp-json\/wp\/v2\/tags?post=8932"}],"curies":[{"name":"wp","href":"https:\/\/api.w.org\/{rel}","templated":true}]}}